{"id":85974,"date":"2023-12-23T15:06:57","date_gmt":"2023-12-23T14:06:57","guid":{"rendered":"https:\/\/www.ibericoscovap.com\/blog\/?p=85974"},"modified":"2023-12-23T15:25:33","modified_gmt":"2023-12-23T14:25:33","slug":"la-tabla-de-ibericos-perfecta-para-triunfar-en-navidad","status":"publish","type":"post","link":"https:\/\/www.ibericoscovap.com\/blog\/la-tabla-de-ibericos-perfecta-para-triunfar-en-navidad\/","title":{"rendered":"La tabla de ib\u00e9ricos perfecta para triunfar en Navidad"},"content":{"rendered":"<p>[vc_row row_height_percent=\u00bb0&#8243; override_padding=\u00bbyes\u00bb h_padding=\u00bb2&#8243; top_padding=\u00bb5&#8243; bottom_padding=\u00bb5&#8243; back_color=\u00bbcolor-wayh\u00bb overlay_alpha=\u00bb50&#8243; gutter_size=\u00bb3&#8243; column_width_percent=\u00bb100&#8243; shift_y=\u00bb0&#8243; z_index=\u00bb0&#8243;][vc_column column_width_percent=\u00bb100&#8243; gutter_size=\u00bb3&#8243; style=\u00bbdark\u00bb overlay_alpha=\u00bb50&#8243; shift_x=\u00bb0&#8243; shift_y=\u00bb-3&#8243; shift_y_down=\u00bb0&#8243; z_index=\u00bb0&#8243; medium_width=\u00bb0&#8243; mobile_width=\u00bb0&#8243; width=\u00bb1\/1&#8243;][vc_row_inner limit_content=\u00bb\u00bb][vc_column_inner column_width_percent=\u00bb100&#8243; gutter_size=\u00bb3&#8243; style=\u00bbdark\u00bb overlay_alpha=\u00bb50&#8243; shift_x=\u00bb0&#8243; shift_y=\u00bb0&#8243; shift_y_down=\u00bb0&#8243; z_index=\u00bb0&#8243; medium_width=\u00bb0&#8243; mobile_width=\u00bb0&#8243; width=\u00bb1\/2&#8243;][vc_custom_heading heading_semantic=\u00bbh3&#8243; text_size=\u00bbh1&#8243;]<\/p>\n<h2>La tabla de ib\u00e9ricos perfecta para triunfar esta Navidad<\/h2>\n<p>[\/vc_custom_heading][\/vc_column_inner][\/vc_row_inner][vc_row_inner limit_content=\u00bb\u00bb][vc_column_inner column_width_percent=\u00bb100&#8243; gutter_size=\u00bb3&#8243; style=\u00bbdark\u00bb overlay_alpha=\u00bb50&#8243; shift_x=\u00bb0&#8243; shift_y=\u00bb-1&#8243; shift_y_down=\u00bb0&#8243; z_index=\u00bb0&#8243; medium_width=\u00bb0&#8243; mobile_width=\u00bb0&#8243; width=\u00bb1\/2&#8243;][vc_column_text]Nos sumergimos en la creaci\u00f3n de una tabla con productos Alta Expresi\u00f3n, una obra maestra gastron\u00f3mica elaborada por un talentoso chef del <a href=\"https:\/\/www.bculinary.com\/es\/home\">Basque Culinary Center<\/a>. Prep\u00e1rate para explorar la delicadeza y la innovaci\u00f3n mientras te deleitas del sabor inconfundible de unos productos de alta calidad y la creatividad de un gran chef. \u00a1Emb\u00e1rcate con nosotros en este viaje culinario que celebra lo mejor de la tradici\u00f3n y la vanguardia![\/vc_column_text][\/vc_column_inner][\/vc_row_inner][\/vc_column][\/vc_row][vc_row unlock_row_content=\u00bbyes\u00bb row_height_percent=\u00bb0&#8243; override_padding=\u00bbyes\u00bb h_padding=\u00bb0&#8243; top_padding=\u00bb0&#8243; bottom_padding=\u00bb0&#8243; back_color=\u00bbcolor-wayh\u00bb overlay_alpha=\u00bb50&#8243; equal_height=\u00bbyes\u00bb gutter_size=\u00bb0&#8243; column_width_percent=\u00bb100&#8243; shift_y=\u00bb0&#8243; z_index=\u00bb0&#8243;][vc_column column_width_percent=\u00bb100&#8243; gutter_size=\u00bb3&#8243; style=\u00bbdark\u00bb overlay_alpha=\u00bb0&#8243; shift_x=\u00bb0&#8243; shift_y=\u00bb-3&#8243; shift_y_down=\u00bb0&#8243; z_index=\u00bb0&#8243; medium_width=\u00bb0&#8243; mobile_width=\u00bb0&#8243; width=\u00bb1\/2&#8243; mobile_height=\u00bb340&#8243;][vc_single_image media=\u00bb85979&#8243; media_width_percent=\u00bb100&#8243;][vc_row_inner row_inner_height_percent=\u00bb0&#8243; overlay_alpha=\u00bb50&#8243; gutter_size=\u00bb4&#8243; shift_y=\u00bb0&#8243; z_index=\u00bb0&#8243;][vc_column_inner width=\u00bb1\/1&#8243;][vc_column_text]<\/p>\n<h4 style=\"text-align: center;\">Ingredientes ib\u00e9ricos:<\/h4>\n<p style=\"text-align: center;\"><span style=\"font-weight: 400;\">50 g Jam\u00f3n de Bellota 100% Ib\u00e9rico Alta Expresi\u00f3n<\/span><\/p>\n<p style=\"text-align: center;\"><span style=\"font-weight: 400;\">50 g Ca\u00f1a de Presa de Bellota Ib\u00e9rica Alta Expresi\u00f3n<\/span><\/p>\n<p style=\"text-align: center;\"><span style=\"font-weight: 400;\">50 g Lomo de Bellota Ib\u00e9rica Alta Expresi\u00f3n\u00a0<\/span><\/p>\n<p style=\"text-align: center;\"><span style=\"font-weight: 400;\">50 g Chorizo de Bellota Ib\u00e9rica Alta Expresi\u00f3n\u00a0<\/span><\/p>\n<p style=\"text-align: center;\"><span style=\"font-weight: 400;\">40 g Queso de Leche Pasteurizada de Cabra Semicurado\u00a0<\/span><\/p>\n<p style=\"text-align: center;\"><span style=\"font-weight: 400;\">40 g\u00a0Queso de Leche Cruda de Oveja Viejo Torremilano<\/span><\/p>\n<p>[\/vc_column_text][vc_column_text]<\/p>\n<h4 style=\"text-align: center;\">Ingredientes para los encurtidos<\/h4>\n<p style=\"text-align: center;\">30 uds Micro cebolleta<\/p>\n<p style=\"text-align: center;\">20 uds chalotas<\/p>\n<p style=\"text-align: center;\">20 uds cebolla blanca mini<\/p>\n<p style=\"text-align: center;\">20 uds micro zanahoria<\/p>\n<p style=\"text-align: center;\">100 mls vinagre frambuesa<\/p>\n<p style=\"text-align: center;\">Sal<\/p>\n<p style=\"text-align: center;\">Az\u00facar<\/p>\n<p style=\"text-align: center;\">100 mls vinagre manzana<\/p>\n<p style=\"text-align: center;\">5 g pimienta de Jamaica<\/p>\n<p style=\"text-align: center;\">5 gr semilla de cilantro<\/p>\n<p style=\"text-align: center;\">5 g cardamomo<\/p>\n<p style=\"text-align: center;\">100 mls vinagre de vino<\/p>\n<p style=\"text-align: center;\">100 mls vinagre de jerez<\/p>\n<p style=\"text-align: center;\">1 hoja laurel<\/p>\n<p style=\"text-align: center;\">Pimienta negra en grano<\/p>\n<p>[\/vc_column_text][vc_column_text]<\/p>\n<h4 style=\"text-align: center;\">Ingredientes para los garrapi\u00f1ados<\/h4>\n<p style=\"text-align: center;\">5o g nueces pecanas<br \/>\n50 g avellanas<br \/>\n60 g az\u00facar<br \/>\n12 mls agua<br \/>\n2 g sal<br \/>\n5 g mantequilla<\/p>\n<p>[\/vc_column_text][vc_column_text]<\/p>\n<h4 style=\"text-align: center;\">Ingredientes para la mermelada de tomate<\/h4>\n<p style=\"text-align: center;\">500 g tomate<br \/>\n50 mls de vinagre de<br \/>\nManzana<br \/>\n150 g az\u00facar<br \/>\n100 mls agua<\/p>\n<p>[\/vc_column_text][vc_empty_space empty_h=\u00bb2&#8243;][\/vc_column_inner][\/vc_row_inner][\/vc_column][vc_column column_width_use_pixel=\u00bbyes\u00bb gutter_size=\u00bb3&#8243; override_padding=\u00bbyes\u00bb column_padding=\u00bb5&#8243; style=\u00bbdark\u00bb overlay_alpha=\u00bb50&#8243; shift_x=\u00bb0&#8243; shift_y=\u00bb-5&#8243; shift_y_down=\u00bb0&#8243; z_index=\u00bb0&#8243; medium_width=\u00bb0&#8243; mobile_width=\u00bb0&#8243; width=\u00bb1\/2&#8243; column_width_pixel=\u00bb528&#8243;][vc_custom_heading heading_semantic=\u00bbh6&#8243; text_size=\u00bbfontsize-160000&#8243; text_transform=\u00bbuppercase\u00bb text_space=\u00bbfontspace-135905&#8243; text_color=\u00bbcolor-xsdn\u00bb]Recetas[\/vc_custom_heading][vc_custom_heading heading_semantic=\u00bbh4&#8243; text_size=\u00bbfontsize-337151&#8243; separator=\u00bbyes\u00bb]<\/p>\n<h2>Tabla de ib\u00e9ricos Alta Expresi\u00f3n<\/h2>\n<p>[\/vc_custom_heading][vc_custom_heading heading_semantic=\u00bbh3&#8243; subheading=\u00bb1. Laminar, cortar de manera precisa los ib\u00e9ricos y los quesos para disponer en el plato.<\/p>\n<p>2. Para las micro cebolletas, con una proporci\u00f3n de 200 mls de agua y 100 de vinagre de frambuesa, diluir 5 grs de sal y 3 grs de az\u00facar. A\u00f1adir las 30 uds de micro cebolletas y dejar durante 3 d\u00edas a temperatura ambiente envasadas en bolsa de vac\u00edo.<\/p>\n<p>3. Para las chalotas, con una proporci\u00f3n de 200 mls de agua por 100 g de vinagre de manzana, diluir 5 g de sal y 3 g de az\u00facar. A\u00f1adir pimienta de Jamaica y poner toda la mezcla en un cazo, subir la temperatura a 70 grados y verter sobre las chalotas. Cuando haya bajado la temperatura envasar y conservar en bolsas de vac\u00edo.<\/p>\n<p>4. Para las mini cebollas blancas, con una proporci\u00f3n de 200 mls de agua por 100 mls de vinagre de vino, diluir 5 g de sal y 3 g de az\u00facar. A\u00f1adir la semilla de cilantro y el cardamomo, poner toda la mezcla en un cazo y subir la temperatura a 70 grados, verter sobre las mini cebollas. Cuando haya bajado la temperatura envasar y conservar en bolsas de vac\u00edo.<\/p>\n<p>5. Para las micro zanahorias, con una proporci\u00f3n de 200 mls de agua por 100 mls de vinagre de jerez, diluir 5 g de sal y 3 g de az\u00facar. A\u00f1adir 1 hoja de laurel y pimiento negra en grano. A\u00f1adir las micro zanahorias y dejar durante 3 d\u00edas a temperatura ambiente envasadas en bolsa de vac\u00edo.<\/p>\n<p>6. Diluir el az\u00facar con el agua y subir la temperatura a 117 grados. En ese momento a\u00f1adir las nueces y las avellanas.<\/p>\n<p>7. Para terminar a\u00f1adir la sal y la mantequilla y echar en un silpat o papel de horno hasta que enfr\u00ede.<\/p>\n<p>8. Conservar en un recipiente en seco para que no adquieran humedad los garrapi\u00f1ados.<\/p>\n<p>9. Rallar los tomates y disponer todo el tomate ya rallado en un cazo. A\u00f1adir el vinagre de manzana, el az\u00facar y el agua.<\/p>\n<p>10. Durante dos horas cocinar a fuego muy lento hasta que se consigas la textura de mermelada.<\/p>\n<p>11. Colar en caliente por un colador fino en caso de no querer las semillas del tomate en nuestro resultado final.\u00bb]<\/p>\n<h4>Preparaci\u00f3n<\/h4>\n<p>[\/vc_custom_heading][vc_custom_heading subheading=\u00bbEn una tabla de madera disponer los ib\u00e9ricos Alta Expresi\u00f3n y quesos Covap con los garrapi\u00f1ados, los alcaparrones y las rega\u00f1as<br \/>\nEn recipientes individuales disponer los encurtidos y la mermelada de tomate.\u00bb]<\/p>\n<h4><strong>Acabo y presentaci\u00f3n<\/strong><\/h4>\n<h5><\/h5>\n<p>[\/vc_custom_heading][\/vc_column][\/vc_row][vc_row row_height_percent=\u00bb0&#8243; override_padding=\u00bbyes\u00bb h_padding=\u00bb2&#8243; top_padding=\u00bb5&#8243; bottom_padding=\u00bb5&#8243; back_color=\u00bbcolor-wayh\u00bb overlay_alpha=\u00bb50&#8243; gutter_size=\u00bb3&#8243; column_width_percent=\u00bb100&#8243; shift_y=\u00bb0&#8243; z_index=\u00bb0&#8243;][vc_column column_width_percent=\u00bb100&#8243; gutter_size=\u00bb3&#8243; style=\u00bbdark\u00bb overlay_alpha=\u00bb50&#8243; shift_x=\u00bb0&#8243; shift_y=\u00bb-3&#8243; shift_y_down=\u00bb0&#8243; z_index=\u00bb0&#8243; medium_width=\u00bb0&#8243; mobile_width=\u00bb0&#8243; width=\u00bb1\/1&#8243;][vc_column_text]La armon\u00eda perfecta entre la excelencia de los ib\u00e9ricos Alta Expresi\u00f3n y la creatividad del Basque Culinary Center. Cada bocado cuenta una historia de tradici\u00f3n y pasi\u00f3n por la gastronom\u00eda. Ll\u00e9vate a tu hogar esta experiencia \u00fanica, te invitamos a explorar nuestra tienda online y descubrir <span style=\"color: #808080;\"><a style=\"color: #808080;\" href=\"https:\/\/tienda.ibericoscovap.com\/catalogo-productos-ibericos-covap\/\">nuestros productos ib\u00e9ricos Alta Expresi\u00f3n<\/a>.<\/span> Convierte tus momentos cotidianos en ocasiones especiales con la calidad insuperable que solo Alta Expresi\u00f3n puede ofrecer.<\/p>\n<p>[\/vc_column_text][\/vc_column][\/vc_row]<\/p>\n","protected":false},"excerpt":{"rendered":"<p>[vc_row row_height_percent=\u00bb0&#8243; override_padding=\u00bbyes\u00bb h_padding=\u00bb2&#8243; top_padding=\u00bb5&#8243; bottom_padding=\u00bb5&#8243; back_color=\u00bbcolor-wayh\u00bb overlay_alpha=\u00bb50&#8243; gutter_size=\u00bb3&#8243; column_width_percent=\u00bb100&#8243; shift_y=\u00bb0&#8243; z_index=\u00bb0&#8243;][vc_column column_width_percent=\u00bb100&#8243; gutter_size=\u00bb3&#8243; style=\u00bbdark\u00bb overlay_alpha=\u00bb50&#8243; shift_x=\u00bb0&#8243; shift_y=\u00bb-3&#8243; shift_y_down=\u00bb0&#8243; z_index=\u00bb0&#8243; [&hellip;]<\/p>\n","protected":false},"author":1,"featured_media":85979,"comment_status":"open","ping_status":"open","sticky":false,"template":"","format":"standard","meta":[],"categories":[157,159],"tags":[],"post_format":[],"yoast_head":"<!-- This site is optimized with the Yoast SEO plugin v14.6.1 - https:\/\/yoast.com\/wordpress\/plugins\/seo\/ -->\n<title>Tabla de ib\u00e9ricos Alta Expresi\u00f3n para triunfar esta Navidad | Ib\u00e9ricos COVAP % %<\/title>\n<meta name=\"description\" content=\"Recetas de tapas 100% ib\u00e9ricas. Descubre paso a paso la receta del tartar de jam\u00f3n de bellota 100% ib\u00e9rico Alta Expresi\u00f3n. Reinventa tus platos ib\u00e9ricos.\" \/>\n<meta name=\"robots\" content=\"index, follow\" \/>\n<meta name=\"googlebot\" content=\"index, follow, max-snippet:-1, max-image-preview:large, max-video-preview:-1\" \/>\n<meta name=\"bingbot\" content=\"index, follow, max-snippet:-1, max-image-preview:large, max-video-preview:-1\" \/>\n<link rel=\"canonical\" href=\"https:\/\/www.ibericoscovap.com\/blog\/la-tabla-de-ibericos-perfecta-para-triunfar-en-navidad\/\" \/>\n<meta property=\"og:locale\" content=\"es_ES\" \/>\n<meta property=\"og:type\" content=\"article\" \/>\n<meta property=\"og:title\" content=\"Tabla de ib\u00e9ricos Alta Expresi\u00f3n para triunfar esta Navidad | Ib\u00e9ricos COVAP % %\" \/>\n<meta property=\"og:description\" content=\"Recetas de tapas 100% ib\u00e9ricas. Descubre paso a paso la receta del tartar de jam\u00f3n de bellota 100% ib\u00e9rico Alta Expresi\u00f3n. Reinventa tus platos ib\u00e9ricos.\" \/>\n<meta property=\"og:url\" content=\"https:\/\/www.ibericoscovap.com\/blog\/la-tabla-de-ibericos-perfecta-para-triunfar-en-navidad\/\" \/>\n<meta property=\"og:site_name\" content=\"Noticias | Ib\u00e9ricos COVAP\" \/>\n<meta property=\"article:published_time\" content=\"2023-12-23T14:06:57+00:00\" \/>\n<meta property=\"article:modified_time\" content=\"2023-12-23T14:25:33+00:00\" \/>\n<meta property=\"og:image\" content=\"https:\/\/www.ibericoscovap.com\/blog\/wp-content\/uploads\/2023\/12\/BCC_COVAP_Live-Shooping_TABLA-EMBUTIDOS.jpg\" \/>\n\t<meta property=\"og:image:width\" content=\"1920\" \/>\n\t<meta property=\"og:image:height\" content=\"1080\" \/>\n<meta name=\"twitter:card\" content=\"summary_large_image\" \/>\n<script type=\"application\/ld+json\" class=\"yoast-schema-graph\">{\"@context\":\"https:\/\/schema.org\",\"@graph\":[{\"@type\":\"WebSite\",\"@id\":\"https:\/\/www.ibericoscovap.com\/blog\/#website\",\"url\":\"https:\/\/www.ibericoscovap.com\/blog\/\",\"name\":\"Noticias | Ib\\u00e9ricos COVAP\",\"description\":\"Ib\\u00e9ricos COVAP\",\"potentialAction\":[{\"@type\":\"SearchAction\",\"target\":\"https:\/\/www.ibericoscovap.com\/blog\/?s={search_term_string}\",\"query-input\":\"required name=search_term_string\"}],\"inLanguage\":\"es\"},{\"@type\":\"ImageObject\",\"@id\":\"https:\/\/www.ibericoscovap.com\/blog\/la-tabla-de-ibericos-perfecta-para-triunfar-en-navidad\/#primaryimage\",\"inLanguage\":\"es\",\"url\":\"https:\/\/www.ibericoscovap.com\/blog\/wp-content\/uploads\/2023\/12\/BCC_COVAP_Live-Shooping_TABLA-EMBUTIDOS.jpg\",\"width\":1920,\"height\":1080,\"caption\":\"Productos Alta Expresi\\u00f3n\"},{\"@type\":\"WebPage\",\"@id\":\"https:\/\/www.ibericoscovap.com\/blog\/la-tabla-de-ibericos-perfecta-para-triunfar-en-navidad\/#webpage\",\"url\":\"https:\/\/www.ibericoscovap.com\/blog\/la-tabla-de-ibericos-perfecta-para-triunfar-en-navidad\/\",\"name\":\"Tabla de ib\\u00e9ricos Alta Expresi\\u00f3n para triunfar esta Navidad | Ib\\u00e9ricos COVAP % %\",\"isPartOf\":{\"@id\":\"https:\/\/www.ibericoscovap.com\/blog\/#website\"},\"primaryImageOfPage\":{\"@id\":\"https:\/\/www.ibericoscovap.com\/blog\/la-tabla-de-ibericos-perfecta-para-triunfar-en-navidad\/#primaryimage\"},\"datePublished\":\"2023-12-23T14:06:57+00:00\",\"dateModified\":\"2023-12-23T14:25:33+00:00\",\"author\":{\"@id\":\"https:\/\/www.ibericoscovap.com\/blog\/#\/schema\/person\/22d7ac896f00e96afe4f1a6f86ccdaf6\"},\"description\":\"Recetas de tapas 100% ib\\u00e9ricas. Descubre paso a paso la receta del tartar de jam\\u00f3n de bellota 100% ib\\u00e9rico Alta Expresi\\u00f3n. Reinventa tus platos ib\\u00e9ricos.\",\"breadcrumb\":{\"@id\":\"https:\/\/www.ibericoscovap.com\/blog\/la-tabla-de-ibericos-perfecta-para-triunfar-en-navidad\/#breadcrumb\"},\"inLanguage\":\"es\",\"potentialAction\":[{\"@type\":\"ReadAction\",\"target\":[\"https:\/\/www.ibericoscovap.com\/blog\/la-tabla-de-ibericos-perfecta-para-triunfar-en-navidad\/\"]}]},{\"@type\":\"BreadcrumbList\",\"@id\":\"https:\/\/www.ibericoscovap.com\/blog\/la-tabla-de-ibericos-perfecta-para-triunfar-en-navidad\/#breadcrumb\",\"itemListElement\":[{\"@type\":\"ListItem\",\"position\":1,\"item\":{\"@type\":\"WebPage\",\"@id\":\"https:\/\/www.ibericoscovap.com\/blog\/\",\"url\":\"https:\/\/www.ibericoscovap.com\/blog\/\",\"name\":\"Inicio\"}},{\"@type\":\"ListItem\",\"position\":2,\"item\":{\"@type\":\"WebPage\",\"@id\":\"https:\/\/www.ibericoscovap.com\/blog\/la-tabla-de-ibericos-perfecta-para-triunfar-en-navidad\/\",\"url\":\"https:\/\/www.ibericoscovap.com\/blog\/la-tabla-de-ibericos-perfecta-para-triunfar-en-navidad\/\",\"name\":\"La tabla de ib\\u00e9ricos perfecta para triunfar en Navidad\"}}]},{\"@type\":[\"Person\"],\"@id\":\"https:\/\/www.ibericoscovap.com\/blog\/#\/schema\/person\/22d7ac896f00e96afe4f1a6f86ccdaf6\",\"name\":\"Ib\\u00e9ricosCOVAP\",\"image\":{\"@type\":\"ImageObject\",\"@id\":\"https:\/\/www.ibericoscovap.com\/blog\/#personlogo\",\"inLanguage\":\"es\",\"url\":\"https:\/\/www.ibericoscovap.com\/blog\/wp-content\/uploads\/2020\/07\/logo-2-96x96.jpg\",\"caption\":\"Ib\\u00e9ricosCOVAP\"}}]}<\/script>\n<!-- \/ Yoast SEO plugin. -->","_links":{"self":[{"href":"https:\/\/www.ibericoscovap.com\/blog\/wp-json\/wp\/v2\/posts\/85974"}],"collection":[{"href":"https:\/\/www.ibericoscovap.com\/blog\/wp-json\/wp\/v2\/posts"}],"about":[{"href":"https:\/\/www.ibericoscovap.com\/blog\/wp-json\/wp\/v2\/types\/post"}],"author":[{"embeddable":true,"href":"https:\/\/www.ibericoscovap.com\/blog\/wp-json\/wp\/v2\/users\/1"}],"replies":[{"embeddable":true,"href":"https:\/\/www.ibericoscovap.com\/blog\/wp-json\/wp\/v2\/comments?post=85974"}],"version-history":[{"count":15,"href":"https:\/\/www.ibericoscovap.com\/blog\/wp-json\/wp\/v2\/posts\/85974\/revisions"}],"predecessor-version":[{"id":85996,"href":"https:\/\/www.ibericoscovap.com\/blog\/wp-json\/wp\/v2\/posts\/85974\/revisions\/85996"}],"wp:featuredmedia":[{"embeddable":true,"href":"https:\/\/www.ibericoscovap.com\/blog\/wp-json\/wp\/v2\/media\/85979"}],"wp:attachment":[{"href":"https:\/\/www.ibericoscovap.com\/blog\/wp-json\/wp\/v2\/media?parent=85974"}],"wp:term":[{"taxonomy":"category","embeddable":true,"href":"https:\/\/www.ibericoscovap.com\/blog\/wp-json\/wp\/v2\/categories?post=85974"},{"taxonomy":"post_tag","embeddable":true,"href":"https:\/\/www.ibericoscovap.com\/blog\/wp-json\/wp\/v2\/tags?post=85974"},{"taxonomy":"post_format","embeddable":true,"href":"https:\/\/www.ibericoscovap.com\/blog\/wp-json\/wp\/v2\/post_format?post=85974"}],"curies":[{"name":"wp","href":"https:\/\/api.w.org\/{rel}","templated":true}]}}